{"id":830,"date":"2019-06-25T14:20:55","date_gmt":"2019-06-25T14:20:55","guid":{"rendered":"http:\/\/www.lalmanaccodellosportlivorno.it\/LEGGIONLINE\/?p=830"},"modified":"2019-06-25T14:33:37","modified_gmt":"2019-06-25T14:33:37","slug":"il-saluto-di-roberto-scotto-livorno-terra-di-campioni-e-appassionati","status":"publish","type":"post","link":"https:\/\/www.lalmanaccodellosportlivorno.it\/LEGGIONLINE\/il-saluto-di-roberto-scotto-livorno-terra-di-campioni-e-appassionati\/","title":{"rendered":"Il saluto di Roberto Scotto Livorno, terra di campioni e appassionati"},"content":{"rendered":"\t\t<div data-elementor-type=\"wp-post\" data-elementor-id=\"830\" class=\"elementor elementor-830\">\n\t\t\t\t\t\t<section class=\"elementor-section elementor-top-section elementor-element elementor-element-47ff4ba9 elementor-section-boxed elementor-section-height-default elementor-section-height-default\" data-id=\"47ff4ba9\" data-element_type=\"section\" data-e-type=\"section\">\n\t\t\t\t\t\t<div class=\"elementor-container elementor-column-gap-default\">\n\t\t\t\t\t<div class=\"elementor-column elementor-col-100 elementor-top-column elementor-element elementor-element-fe55e79\" data-id=\"fe55e79\" data-element_type=\"column\" data-e-type=\"column\">\n\t\t\t<div class=\"elementor-widget-wrap elementor-element-populated\">\n\t\t\t\t\t\t<div class=\"elementor-element elementor-element-2e2901f elementor-widget elementor-widget-text-editor\" data-id=\"2e2901f\" data-element_type=\"widget\" data-e-type=\"widget\" data-widget_type=\"text-editor.default\">\n\t\t\t\t<div class=\"elementor-widget-container\">\n\t\t\t\t\t\t\t\t\t\n<p class=\"wp-block-paragraph\"><\/p>\n\n\n\n<p class=\"wp-block-paragraph\"><\/p>\n\t\t\t\t\t\t\t\t<\/div>\n\t\t\t\t<\/div>\n\t\t\t\t\t<\/div>\n\t\t<\/div>\n\t\t\t\t\t<\/div>\n\t\t<\/section>\n\t\t\t\t<section class=\"elementor-section elementor-top-section elementor-element elementor-element-70f0eef elementor-section-boxed elementor-section-height-default elementor-section-height-default\" data-id=\"70f0eef\" data-element_type=\"section\" data-e-type=\"section\">\n\t\t\t\t\t\t<div class=\"elementor-container elementor-column-gap-default\">\n\t\t\t\t\t<div class=\"elementor-column elementor-col-100 elementor-top-column elementor-element elementor-element-d79bffd\" data-id=\"d79bffd\" data-element_type=\"column\" data-e-type=\"column\">\n\t\t\t<div class=\"elementor-widget-wrap elementor-element-populated\">\n\t\t\t\t\t\t<div class=\"elementor-element elementor-element-c403e47 elementor-widget elementor-widget-text-editor\" data-id=\"c403e47\" data-element_type=\"widget\" data-e-type=\"widget\" data-widget_type=\"text-editor.default\">\n\t\t\t\t<div class=\"elementor-widget-container\">\n\t\t\t\t\t\t\t\t\t<p class=\"p1\"><span class=\"s1\">I<\/span>l 2018 si \u00e8 confermata un\u2019annata prolifica sotto il profilo della pratica e dei risultati conseguiti dagli sportivi livornesi. Una citt\u00e0 e un\u2019area provinciale che sono ormai consacrati in maniera indiscutibile come terra di campioni assoluti,oltre che di amatori appassionati diqualsiasi disciplina. Una nuova stagione ricca di avvenimenti e traguardi vincenti, che hanno messo in luce questo talento, tanto poliedrico quanto insito nel Dna labronico. Un\u2019eredit\u00e0 genetica da numeri uno, ribadita dal fatto che anche nell\u2019anno passato gli atleti della citt\u00e0 dei Quattro Mori sono stati protagonisti a livello italiano e internazionale nelle rispettive discipline di riferimento. Tanto quindi il materiale da narrare attraverso le pagine dell\u2019 Almanacco dello sport. Una pubblicazione corposa che ormai si \u00e8 consolidato nell\u2019immaginario comune come strumento imprescindibile al fine di collezionare e custodire la memoria di tante imprese agonistiche anche grazie al suo corollario periodico, la rivista trimestrale L\u2019Almanacco News, e al formato multimediale offerto dal sito web, dalla pagina Facebook e dal canale Youtube ufficiali. L\u2019impegno nel seguire e celebrare i campioni di casa nostra culmina materialmente in occasione della presentazione ufficiale della voluminosa pubblicazione ma in realt\u00e0 affonda le proprie radici ormai quasi 30 anni fa, sin da quella prima uscita de L\u2019Almanacco datata 1990 (anche se ai tempi riferita solo al mondo degli Amatori calcistici). Una passione cresciuta anche grazie all\u2019unione delle forze con la sezione provinciale degli Atleti Olimpici e Azzurri d\u2019Italia, nella persona del Presidente Rodolfo Graziani. Accomunati dallo slogan \u201cOrgogliosi di essere livornesi\u201de mossi da questa fiera appartenenza, anche grazie all\u2019arte di Rossano Vittori, si \u00e8 proseguito nel solco che cinque anni orsono ha portato alla luce l\u2019ormai celebre docu film Campioni livornesi\u201d (Livorno e la sua provincia, terra di arte, sport e campioni), scritto e diretto dallo stesso regista (peraltro finalista all\u2019Overtime Film Festival, il prestigioso festival del racconto e dell\u2019etica sportiva a Macerata e che ha ricevuto diversi riconoscimenti internazionali).<\/p>\n<p class=\"p1\">La valorizzazione dello sport labronico come strumento, per la promozione anche a fini turistici (ricordiamo l\u2019impegno pi\u00f9 volte pubblicamente manifestato per l\u2019allestimento di un vero Museo dello Sport cittadino dove custodire il memorabilia dei trionfi di casa nostra) : questa la missione intrapresa da tempi non sospetti e il merito di cui possiamo vantarci senza falsa modestia. Lungo la scia che abbiamo lasciato anno dopo anno, si \u00e8 accodata per fortuna una comunita\u2000 sempre pi\u00f9 allargata, accomunata dalla passione per lo sport, sia esso anche solo praticato a livello amatoriale, \u00e8 quella che ci segue con fedelt\u00e0 edizione dopo edizione. Sapere che l\u2019uscita dell\u2019Almanacco viene attesa con trepidazione per arricchire la collezione con i volumi relativi alle annate precedenti, essere certi che si tratta di un\u2019 opera fatta con il massimo amore e con altrettanta stima e apprezzamento viene accolta dalla citt\u00e0 e dal suo territorio circostante, ci riempie di gioia. Doverosi, sentiti e tutt\u2019altro che scontati quindi i ringraziamenti ai membri dello staff che hanno collaborato alla buona riuscita dell\u2019Almanacco: Andrea Puccini, Niccol\u00f2 Cecioni, Fabio Giorgi e Andrea Masini, Isabella Scotto, Mario Orsini, Michela Demi, Foto Novi, Foto Salvini, Foto Bizzi e Foto Mura. Altrettanto naturali sono poi i meriti da tributare agli inserzionisti: sia i partner che seguono ormai con fedelt\u00e0, rinnovandoci la loro fiducia anno dopo anno, sia i nuovi compagni d\u2019avventura che solo da poco tempo si sono aggregati alla famiglia allargata de L\u2019Almanacco. In entrambi i casi, ci auguriamo che tutte le categorie possano aver gi\u00e0 apprezzato i benefici in termini di visibilit\u00e0 e riscontro mediatico sulla loro clientela. Un fatto tutt\u2019altro che scontato, considerata la congiuntura economica non semplice: grazie per aver contribuito al valore di questa pubblicazione. Un plauso si estende anche al Coni provinciale, alle Federazioni, alle Associazioni sportive, ai menzionati Azzurri d\u2019Italia e ai Veterani dello Sport con Cesare Gentile: la loro preziosa collaborazione risulta fondamentale nel processo di raccolta delle informazioni. Idem per le istituzioni locali, che ci accompagnano da anni nella realizzazione di questo ambizioso progetto: Comune e Provincia di Livorno, Accademia Navale e le Forze dell\u2019Ordine. E per ultima, ma non certo in ordine di affetto, un grazie va alla famiglia che anche quest\u2019anno mi ha sostenuto nella difficile impresa di portare a compimento l\u2019ennesimo numero di un\u2019avventura editoriale da record.<\/p>\n<p class=\"p1\">Roberto Scotto<\/p>\t\t\t\t\t\t\t\t<\/div>\n\t\t\t\t<\/div>\n\t\t\t\t\t<\/div>\n\t\t<\/div>\n\t\t\t\t\t<\/div>\n\t\t<\/section>\n\t\t\t\t<\/div>\n\t\t","protected":false},"excerpt":{"rendered":"<p>Il 2018 si \u00e8 confermata un\u2019annata prolifica sotto il profilo della pratica e dei risultati conseguiti dagli sportivi livornesi. Una citt\u00e0 e un\u2019area provinciale che sono ormai consacrati in maniera indiscutibile come terra di campioni assoluti,oltre che di amatori appassionati diqualsiasi disciplina. Una nuova stagione ricca di avvenimenti e traguardi vincenti, che hanno messo in [&hellip;]<\/p>\n","protected":false},"author":1,"featured_media":831,"comment_status":"open","ping_status":"open","sticky":false,"template":"","format":"standard","meta":{"_eb_attr":"","footnotes":"","jetpack_publicize_message":"","jetpack_publicize_feature_enabled":true,"jetpack_social_post_already_shared":false,"jetpack_social_options":{"image_generator_settings":{"template":"highway","default_image_id":0,"font":"","enabled":false},"version":2}},"categories":[6,2],"tags":[],"class_list":["post-830","post","type-post","status-publish","format-standard","has-post-thumbnail","hentry","category-6","category-almanacco"],"jetpack_publicize_connections":[],"_links":{"self":[{"href":"https:\/\/www.lalmanaccodellosportlivorno.it\/LEGGIONLINE\/wp-json\/wp\/v2\/posts\/830","targetHints":{"allow":["GET"]}}],"collection":[{"href":"https:\/\/www.lalmanaccodellosportlivorno.it\/LEGGIONLINE\/wp-json\/wp\/v2\/posts"}],"about":[{"href":"https:\/\/www.lalmanaccodellosportlivorno.it\/LEGGIONLINE\/wp-json\/wp\/v2\/types\/post"}],"author":[{"embeddable":true,"href":"https:\/\/www.lalmanaccodellosportlivorno.it\/LEGGIONLINE\/wp-json\/wp\/v2\/users\/1"}],"replies":[{"embeddable":true,"href":"https:\/\/www.lalmanaccodellosportlivorno.it\/LEGGIONLINE\/wp-json\/wp\/v2\/comments?post=830"}],"version-history":[{"count":4,"href":"https:\/\/www.lalmanaccodellosportlivorno.it\/LEGGIONLINE\/wp-json\/wp\/v2\/posts\/830\/revisions"}],"predecessor-version":[{"id":835,"href":"https:\/\/www.lalmanaccodellosportlivorno.it\/LEGGIONLINE\/wp-json\/wp\/v2\/posts\/830\/revisions\/835"}],"wp:featuredmedia":[{"embeddable":true,"href":"https:\/\/www.lalmanaccodellosportlivorno.it\/LEGGIONLINE\/wp-json\/wp\/v2\/media\/831"}],"wp:attachment":[{"href":"https:\/\/www.lalmanaccodellosportlivorno.it\/LEGGIONLINE\/wp-json\/wp\/v2\/media?parent=830"}],"wp:term":[{"taxonomy":"category","embeddable":true,"href":"https:\/\/www.lalmanaccodellosportlivorno.it\/LEGGIONLINE\/wp-json\/wp\/v2\/categories?post=830"},{"taxonomy":"post_tag","embeddable":true,"href":"https:\/\/www.lalmanaccodellosportlivorno.it\/LEGGIONLINE\/wp-json\/wp\/v2\/tags?post=830"}],"curies":[{"name":"wp","href":"https:\/\/api.w.org\/{rel}","templated":true}]}}