{"id":2916,"date":"2023-03-13T11:25:49","date_gmt":"2023-03-13T11:25:49","guid":{"rendered":"https:\/\/www.lalmanaccodellosportlivorno.it\/LEGGIONLINE\/?p=2916"},"modified":"2023-04-03T08:30:39","modified_gmt":"2023-04-03T08:30:39","slug":"litalia-batte-lucraina-per-75-a-65-davanti-agli-8mila-del-modi","status":"publish","type":"post","link":"https:\/\/www.lalmanaccodellosportlivorno.it\/LEGGIONLINE\/litalia-batte-lucraina-per-75-a-65-davanti-agli-8mila-del-modi\/","title":{"rendered":"Pag. 18 &#8211; L&#8217;Italia batte l&#8217;Ucraina per 75 a 65 davanti agli 8mila del Mod\u00ec (News Marzo &#8217;23)"},"content":{"rendered":"\n<p class=\"has-vivid-red-color has-text-color wp-block-paragraph\"><strong>Serata magica insieme agli Azzurri. In parterre anche tanti vip, da Montano a De Raffaele<\/strong><\/p>\n\n\n\n<p class=\"wp-block-paragraph\">na notte felice per la pallacanestro italiana, una serata magica per il basket livornese. Nel contesto di un Modigliani Forum gremito sino al \u2018sold out\u2019, con gli appassionati del territorio che hanno risposto pi\u00f9 che presente all\u2019appello della nazionale della palla a spicchi, l\u2019Italbasket di un osannato coach Pozzecco fa il proprio dovere contro l\u2019Ucraina nel match di qualificazione per i prossimi campionati Mondiali. Una gara in realt\u00e0 ininfluente per i destini azzurri, gi\u00e0 qualificati, ma che la nazionale (di ritorno all\u2019ombra dei Quattro Mori dopo ben 27 anni di digiuno in una piazza da sempre innamorata di questo sport) era chiamata a trasformare in vera festa con un successo, visto il contesto d lustrarsi gli occhi sugli spalti.<\/p>\n\n\n\n<p class=\"wp-block-paragraph\"><strong>La cronaca<\/strong><br>Tessitori ha ancora la mano fredda e fa zero su due ai liberi, cos\u00ec spetta a Mannion l\u2019onore di aprire le marcature Con altri due tiri dalla lunetta e infilare poi anche la prima tripla azzurra della serata livornese, pareggiando il momentaneo vantaggio giallobl\u00f9 arrivato pochi secondi prima ancora dall\u2019arco<br>(5-5 dopo 3\u201930\u201d). Il primo cambio del \u2018Poz\u2019 \u00e8 per dare fiato a un attivo ma poco preciso Tessitori: dentro Biligha sotto canestro. Sono per\u00f2 una bomba di Ricci e una rubata con contropiede di Mannion a dare una prima \u2018scaldata\u2019 al pubblico di Porta a Terra. E\u2019 ancora il \u2018red Mamba\u2019 a essere protagonista assoluto: gi\u00e0 a quota 13 punti con una striscia di altri sei sigilli personali in meno di 8\u2019, con una tripla che disinnesca il tentativo di difesa a zona avversario.<br>L\u2019Ucraina comunque non ci sta a recitare il ruolo di semplice comprimaria e con Lukashov si rifa sotto a meno 5 (19- 14) costringendo la panchina azzurra a chiamare time out. Una sosta che non d\u00e0 frutti perch\u00e9 l\u2019Italia continua ad affrettare il tiro mentre gli ospiti si affidano a un Sano ispirato che segna e fa segnare Bobrov, quasi completando l\u2019operazione aggancio (19-18).<br>Si riparte da un equilibrato 23-21 ma Visconti, guardia ala ex Brindisi ora a Pesaro, confeziona un esordio con i fiocchi: sette punti con tanto di tripla  e schiacciata show condensati neanche<br>nei primi 4\u2019 sul parquet. Gli azzurri provano a scappare sul pi\u00f9 5 ma il ko al ginocchio per Biligha (distorsione) e la voglia di ben figurare ucraina non consente fughe degne di nota prima dell\u2019intervallo.<br>Anzi, Sanon in transizione sigilla la perfetta parit\u00e0 e poi imbuca il pi\u00f9 tre giallobl\u00f9 quando ancora mancano un giro di lancetta al riposo (40-43). Ci pensa un siluro del classe 2000 della Tezenis Verona Bortolani allora a mandare tutti negli spogliatoi con la bilancia perfettamente in equilibrio (43- 43) ma la giovane Italia stenta a carburare, complice anche lo scarso rodaggio (tutti comunque in campo almeno 1\u2019): 13\/27 dal campo tenuto su da una buona mira ai liberi (10\/14) e da un Mannion leader indiscusso (19 punti al giro di boa in 15\u2019 scarsi con 18 di valutazione per il play della Virtus Bologna).<br>Al rientro si gioca ancora sotto ritmo ma l\u2019Italia pare aver preso le contromi<\/p>\n","protected":false},"excerpt":{"rendered":"<p>Serata magica insieme agli Azzurri. In parterre anche tanti vip, da Montano a De Raffaele na notte felice per la pallacanestro italiana, una serata magica per il basket livornese. Nel contesto di un Modigliani Forum gremito sino al \u2018sold out\u2019, con gli appassionati del territorio che hanno risposto pi\u00f9 che presente all\u2019appello della nazionale della [&hellip;]<\/p>\n","protected":false},"author":1,"featured_media":2918,"comment_status":"open","ping_status":"open","sticky":false,"template":"","format":"standard","meta":{"_eb_attr":"","footnotes":"","jetpack_publicize_message":"","jetpack_publicize_feature_enabled":true,"jetpack_social_post_already_shared":true,"jetpack_social_options":{"image_generator_settings":{"template":"highway","default_image_id":0,"font":"","enabled":false},"version":2}},"categories":[3,49],"tags":[],"class_list":["post-2916","post","type-post","status-publish","format-standard","has-post-thumbnail","hentry","category-almanacco-news","category-news-apr-23"],"jetpack_publicize_connections":[],"_links":{"self":[{"href":"https:\/\/www.lalmanaccodellosportlivorno.it\/LEGGIONLINE\/wp-json\/wp\/v2\/posts\/2916","targetHints":{"allow":["GET"]}}],"collection":[{"href":"https:\/\/www.lalmanaccodellosportlivorno.it\/LEGGIONLINE\/wp-json\/wp\/v2\/posts"}],"about":[{"href":"https:\/\/www.lalmanaccodellosportlivorno.it\/LEGGIONLINE\/wp-json\/wp\/v2\/types\/post"}],"author":[{"embeddable":true,"href":"https:\/\/www.lalmanaccodellosportlivorno.it\/LEGGIONLINE\/wp-json\/wp\/v2\/users\/1"}],"replies":[{"embeddable":true,"href":"https:\/\/www.lalmanaccodellosportlivorno.it\/LEGGIONLINE\/wp-json\/wp\/v2\/comments?post=2916"}],"version-history":[{"count":4,"href":"https:\/\/www.lalmanaccodellosportlivorno.it\/LEGGIONLINE\/wp-json\/wp\/v2\/posts\/2916\/revisions"}],"predecessor-version":[{"id":3147,"href":"https:\/\/www.lalmanaccodellosportlivorno.it\/LEGGIONLINE\/wp-json\/wp\/v2\/posts\/2916\/revisions\/3147"}],"wp:featuredmedia":[{"embeddable":true,"href":"https:\/\/www.lalmanaccodellosportlivorno.it\/LEGGIONLINE\/wp-json\/wp\/v2\/media\/2918"}],"wp:attachment":[{"href":"https:\/\/www.lalmanaccodellosportlivorno.it\/LEGGIONLINE\/wp-json\/wp\/v2\/media?parent=2916"}],"wp:term":[{"taxonomy":"category","embeddable":true,"href":"https:\/\/www.lalmanaccodellosportlivorno.it\/LEGGIONLINE\/wp-json\/wp\/v2\/categories?post=2916"},{"taxonomy":"post_tag","embeddable":true,"href":"https:\/\/www.lalmanaccodellosportlivorno.it\/LEGGIONLINE\/wp-json\/wp\/v2\/tags?post=2916"}],"curies":[{"name":"wp","href":"https:\/\/api.w.org\/{rel}","templated":true}]}}