{"id":2031,"date":"2022-03-01T16:39:59","date_gmt":"2022-03-01T16:39:59","guid":{"rendered":"https:\/\/www.lalmanaccodellosportlivorno.it\/LEGGIONLINE\/?p=2031"},"modified":"2022-03-01T16:40:38","modified_gmt":"2022-03-01T16:40:38","slug":"bentornato-ippodromo-caprilli","status":"publish","type":"post","link":"https:\/\/www.lalmanaccodellosportlivorno.it\/LEGGIONLINE\/bentornato-ippodromo-caprilli\/","title":{"rendered":"Bentornato ippodromo Caprilli"},"content":{"rendered":"\n<p class=\"wp-block-paragraph\"><strong>Grande pubblico per la prima riunione di corse, presenti anche Salvetti e Giani<\/strong><\/p>\n\n\n\n<p class=\"wp-block-paragraph\"><\/p>\n\n\n\n<p class=\"wp-block-paragraph\">Luned\u00ec 8 novembre 2021 \u00e8 un giorno che rimarr\u00e0 nella sto- ria recente della citt\u00e0 di Livor- no. Questo perch\u00e9 dopo ben sei anni dall\u2019ultima volta, all\u2019ippodromo Federico Caprilli sono tornati a galoppare i cavalli. Il parco era gi\u00e0 stato riaperto da tempo e in estate si sono svolti concerti con centinaia e centinaia di spet- tatori, ma per rivedere i purosangue percorrere l\u2019anello si \u00e8 dovuto aspettare la stagione autunnale.<\/p>\n\n\n\n<p class=\"wp-block-paragraph\"><strong>Grande attesa per Coppa del Mare, Criterium e Premio Livorno<\/strong><\/p>\n\n\n\n<p class=\"wp-block-paragraph\">Nonostante fosse un giorno lavorativo, con la prima corsa fissata intorno alle ore 14, l\u2019affluenza \u00e8 stata davvero rilevante.<\/p>\n\n\n\n<p class=\"wp-block-paragraph\">Certo, l\u2019ingresso gratuito ha favorito l\u2019afflusso, ma il raggiungimento di circa 2mila persone non era probabilmente neanche nelle pi\u00f9 rosee aspettative. C\u2019erano tutti: i soliti ed esperti appassionati dell\u2019ippica con il giornale sotto il braccio pronti a fiutare il colpaccio, ma anche tanti giovani accorsi per passare un pomeriggio diverso e anche tante fa-<\/p>\n\n\n\n<p class=\"wp-block-paragraph\"><strong>Il governatore Giani:<br>\u00abIl presidente Usa Reagan a Firenze esalt\u00f2 Caprilli, \u00e8 un pezzo di storia\u00bb<\/strong><\/p>\n\n\n\n<p class=\"wp-block-paragraph\"><em>L&#8217;arrivo di una delle prime corse<\/em><\/p>\n\n\n\n<p class=\"wp-block-paragraph\">miglie con i propri figli che, magari, non erano mai stati all\u2019ippodromo e la meraviglia nei loro occhi davanti ai caval- li che sfilano al tondino \u00e8 forse lo specchio che rende al meglio il clima presente al Caprilli.<\/p>\n\n\n\n<p class=\"wp-block-paragraph\">Il primo vincitore dopo oltre un lustro \u00e8 stato Bogoda, ma il cavallo \u201cscelto\u201d da un raggiante sindaco Luca Salvetti \u00e8 un altro.<\/p>\n\n\n\n<p class=\"wp-block-paragraph\">\u00ab\u00c8 un bellissimo momento&#8221; ha dichiarato il primo cittadino al Tirreno &#8221;c\u2019\u00e8 un cavallo iscritto alla seconda corsa che si chiama \u201cYes we can\u201d: \u00e8 il simbolo di questa giornata. Yes we can, noi possiamo: nel programma elettorale avevo indicato la riapertura del Caprilli come una delle priorit\u00e0, perch\u00e8 \u00e8 un bene che appartiene a tutti i livornesi che qui, per decen ni, si sono divertiti e magari hanno trovato moglie. Ci sono state strumentalizzazioni politiche, ma questo \u00e8 un gioiello che unisce tutta la citt\u00e0\u00bb.<\/p>\n\n\n\n<p class=\"wp-block-paragraph\">Tra i presenti anche il presidente della Regione Toscana, Eugenio Giani, che ha sottolineato l\u2019importanza di questo evento e la fama di Caprilli nel mondo: \u00abVi racconto una cosa. Quando Ronald Reagan, presidente degli Stati Uniti, venne in visita a Firenze dall\u2019allora presidente del Consiglio Giovanni Spadolini, vedendo delle immagini di cavalieri risorgimentali disse: ma voi avete Caprilli!\u00bb.<\/p>\n\n\n\n<p class=\"wp-block-paragraph\">Un luogo storico per la citt\u00e0, riaperto anche grazie all\u2019impegno di Sistema Cavallo, la societ\u00e0 che ha preso in gestione l\u2019ippodromo e di cui Silvio Toriello \u00e8 uno dei volti di punta. \u00abIntanto abbiamo riaperto, una spinta fondamentale per un settore che come vedete non \u00e8 morto, anzi. Il futuro? Intanto la pista deve diventare sempre pi\u00f9 performante per creare eventi di alto livello come la Coppa del Mare, il Criterium e il Premio Livorno. Le prossime riunioni saranno a pagamento? Vediamo, \u00e8 probabile\u00bb.<\/p>\n","protected":false},"excerpt":{"rendered":"<p>Grande pubblico per la prima riunione di corse, presenti anche Salvetti e Giani Luned\u00ec 8 novembre 2021 \u00e8 un giorno che rimarr\u00e0 nella sto- ria recente della citt\u00e0 di Livor- no. Questo perch\u00e9 dopo ben sei anni dall\u2019ultima volta, all\u2019ippodromo Federico Caprilli sono tornati a galoppare i cavalli. Il parco era gi\u00e0 stato riaperto da [&hellip;]<\/p>\n","protected":false},"author":1,"featured_media":2032,"comment_status":"open","ping_status":"open","sticky":false,"template":"","format":"standard","meta":{"_eb_attr":"","footnotes":"","jetpack_publicize_message":"","jetpack_publicize_feature_enabled":true,"jetpack_social_post_already_shared":true,"jetpack_social_options":{"image_generator_settings":{"template":"highway","default_image_id":0,"font":"","enabled":false},"version":2}},"categories":[3,32],"tags":[],"class_list":["post-2031","post","type-post","status-publish","format-standard","has-post-thumbnail","hentry","category-almanacco-news","category-dic-2021"],"jetpack_publicize_connections":[],"_links":{"self":[{"href":"https:\/\/www.lalmanaccodellosportlivorno.it\/LEGGIONLINE\/wp-json\/wp\/v2\/posts\/2031","targetHints":{"allow":["GET"]}}],"collection":[{"href":"https:\/\/www.lalmanaccodellosportlivorno.it\/LEGGIONLINE\/wp-json\/wp\/v2\/posts"}],"about":[{"href":"https:\/\/www.lalmanaccodellosportlivorno.it\/LEGGIONLINE\/wp-json\/wp\/v2\/types\/post"}],"author":[{"embeddable":true,"href":"https:\/\/www.lalmanaccodellosportlivorno.it\/LEGGIONLINE\/wp-json\/wp\/v2\/users\/1"}],"replies":[{"embeddable":true,"href":"https:\/\/www.lalmanaccodellosportlivorno.it\/LEGGIONLINE\/wp-json\/wp\/v2\/comments?post=2031"}],"version-history":[{"count":2,"href":"https:\/\/www.lalmanaccodellosportlivorno.it\/LEGGIONLINE\/wp-json\/wp\/v2\/posts\/2031\/revisions"}],"predecessor-version":[{"id":2034,"href":"https:\/\/www.lalmanaccodellosportlivorno.it\/LEGGIONLINE\/wp-json\/wp\/v2\/posts\/2031\/revisions\/2034"}],"wp:featuredmedia":[{"embeddable":true,"href":"https:\/\/www.lalmanaccodellosportlivorno.it\/LEGGIONLINE\/wp-json\/wp\/v2\/media\/2032"}],"wp:attachment":[{"href":"https:\/\/www.lalmanaccodellosportlivorno.it\/LEGGIONLINE\/wp-json\/wp\/v2\/media?parent=2031"}],"wp:term":[{"taxonomy":"category","embeddable":true,"href":"https:\/\/www.lalmanaccodellosportlivorno.it\/LEGGIONLINE\/wp-json\/wp\/v2\/categories?post=2031"},{"taxonomy":"post_tag","embeddable":true,"href":"https:\/\/www.lalmanaccodellosportlivorno.it\/LEGGIONLINE\/wp-json\/wp\/v2\/tags?post=2031"}],"curies":[{"name":"wp","href":"https:\/\/api.w.org\/{rel}","templated":true}]}}