{"id":1805,"date":"2020-10-16T14:00:17","date_gmt":"2020-10-16T14:00:17","guid":{"rendered":"https:\/\/www.lalmanaccodellosportlivorno.it\/LEGGIONLINE\/?p=1805"},"modified":"2020-10-16T14:00:55","modified_gmt":"2020-10-16T14:00:55","slug":"sara-madera-e-simone-iannattoni-sono-gli-atleti-dellanno","status":"publish","type":"post","link":"https:\/\/www.lalmanaccodellosportlivorno.it\/LEGGIONLINE\/sara-madera-e-simone-iannattoni-sono-gli-atleti-dellanno\/","title":{"rendered":"Sara Madera e Simone Iannattoni sono gli \u201cAtleti dell\u2019anno\u201d"},"content":{"rendered":"\n<p class=\"wp-block-paragraph\">DA &#8220;QUILIVORNO.IT&#8221;<\/p>\n\n\n\n<p class=\"wp-block-paragraph\">E\u2019 stata infatti presentata la trentesima edizione dell\u2019Almanacco dello Sport Livornese, che da tre decenni premia tutti gli atleti che si sono distinti maggiormente nel corso della stagione sportiva<\/p>\n\n\n\n<p class=\"wp-block-paragraph\">Sono la cestista<a rel=\"noreferrer noopener\" href=\"https:\/\/www.quilivorno.it\/storie\/sara-la-19enne-che-ama-i-puzzle-e-sogna-il-basket-americano\/\" target=\"_blank\"> <strong>Sara Madera<\/strong><\/a> e il lottatore <strong>Simone Iannattoni <\/strong>gli atleti dell\u2019anno premiati dall\u2019<strong>Almanacco dello sport livornese<\/strong> nella bellissima terrazza dei Bagni Pancaldi <em>(clicca sul link in fondo all\u2019articolo per consultare<strong> l\u2019elenco di tutti i premiati<\/strong> in ogni categoria)<\/em>.  E\u2019 stata infatti presentata la trentesima edizione dell\u2019Almanacco dello  Sport Livornese, che da tre decenni premia tutti gli atleti che si sono  distinti maggiormente nel corso della stagione sportiva. \u201cLivorno \u00e8 la  citt\u00e0 pi\u00f9 medagliata d\u2019Italia, vanta campioni di ogni disciplina \u2013 ha  detto <strong>Roberto Scotto<\/strong> fondatore dell\u2019Almanacco \u2013 Non  dobbiamo disperdere questo patrimonio, dovremmo creare un qualcosa che  rimanga, come un museo dello sport\u201d. Un traguardo quello dei trent\u2019anni  raggiunto con dedizione, competenza e non senza difficolt\u00e0. Come  sottolineato dal sindaco <strong>Luca Salvetti<\/strong> rivolgendosi ai  presenti, infatti \u201cSiete l\u2019unica certezza di questa citt\u00e0, sono  estremamente critico e autocritico perch\u00e9 ci sono tanti punti  interrogativi, mi riferisco al quadro generale dell\u2019impiantistica che \u00e8  oggettivamente inadeguato alle qualit\u00e0 e la passione delle societ\u00e0 e  degli atleti \u2013 ha poi proseguito il primo cittadino \u2013 Non mi nascondo,  siamo alle prese con una <em>Modigliani Forum<\/em> da riaprire al grande  sport, piscine che per alchimie burocratiche sono chiuse ed altri  palazzetti che hanno bisogno di interventi, una citt\u00e0 come la nostra non  pu\u00f2 avere la benzina e non il motore\u201d. L\u2019Almanacco, \u00e8 una<strong> pietra miliare<\/strong>  che aiuta a conservare non solo le memorie di tutti i campioni  labronici ma ha permesso di far conoscere la Livorno sportiva ed i suoi  record in tutta Italia. \u201cDobbiamo fare un plauso alle societ\u00e0 sportive  livornesi che nonostante le difficolt\u00e0 logistiche non si sono abbattute \u2013  ha poi continuato il giornalista e direttore responsabile  dell\u2019Almanacco <strong>Andrea Puccini \u2013 <\/strong>Abbiamo ripreso a  raccontare vittorie e convocazioni, la nostra citt\u00e0 \u00e8 un patrimonio  importante di tutte le discipline senior e giovanili\u201d.<br> E\u2019 cos\u00ec che dopo la presentazione delle \u201cMiss\u201d <strong>Chiara Gai<\/strong>, <strong>Aira Ladu<\/strong> e <strong>Rebecca Riccetti<\/strong>  e la consegna degli almanacchi alle autorit\u00e0 militari e civili \u00e8 cos\u00ec  giunto il momento delle premiazioni. Ad aprire le danze sono stati i <em>\u201cCampioni Big\u201d<\/em> da <strong>Igori Protti<\/strong> e <strong>Igor Nencioni<\/strong> passando per chi ha partecipato alle Olimpiadi come il pluricampione di atletica leggera <strong>Fabrizio Mori<\/strong>, il velista <strong>Francesco Marrai<\/strong>, la nuotatrice <strong>Ilaria Tocchini <\/strong>e chi \u00e8 salito su un podio olimpico come la judoka <strong>Giulia Quintavalle<\/strong>, lo schermidore <strong>Rolando Rigoli<\/strong> e il canottiere <strong>Luca Agamennoni<\/strong>. Toccante il premio alla memoria per <strong>Franco Nenci<\/strong>, scomparso lo scorso 15 maggio. Presente anche il delegato provinciale Coni <strong>Giovanni Giannone<\/strong>  che ha voluto sottolineare ulteriormente gli effetti positivi che lo  sport potrebbe avere sull\u2019economia della citt\u00e0: \u201cUltimamente ci sono  stati grandi salti di qualit\u00e0 da parte di tante societ\u00e0 sportive sintomo  di quanto questa citt\u00e0 valga, spesso valorizziamo poco quelli sport  definiti secondari ma che sono di grande apporto, per citarne uno, il  presidente mondiale della Federazione di Baseball \u00e8 un livornese\u201d.  Manifestazione che si \u00e8 poi conclusa con premi speciali alla carriera  per <strong>Rodolfo Graziani<\/strong>, presidente degli Azzurri d\u2019Italia e al mitico pugile <strong>Luigi Tassi.<\/strong>  Se lo sport continua ad essere motore trainante della citt\u00e0 di Livorno \u00e8  merito s\u00ec degli atleti e delle societ\u00e0 vincenti, ma una buona fetta  della torta va attribuita, e premiata, anche a tutto lo staff che  permette la realizzazione di questa grande enciclopedia labronica con la  speranza che per altri trent\u2019anni possa raccontare le gesta di questi  campioni.<br> Qua sotto la video-intervista ai due atleti dell\u2019anno.<\/p>\n\n\n\n<figure class=\"wp-block-embed-youtube wp-block-embed is-type-video is-provider-youtube wp-embed-aspect-16-9 wp-has-aspect-ratio\"><div class=\"wp-block-embed__wrapper\">\n<iframe title=\"Livorno, Sara Madera e Simone Iannattoni sono gli atleti dell&#039;anno 2020\" width=\"500\" height=\"281\" src=\"https:\/\/www.youtube.com\/embed\/dpg5Dck-iJM?feature=oembed\" frameborder=\"0\" allow=\"accelerometer; autoplay; clipboard-write; encrypted-media; gyroscope; picture-in-picture; web-share\" referrerpolicy=\"strict-origin-when-cross-origin\" allowfullscreen><\/iframe>\n<\/div><\/figure>\n","protected":false},"excerpt":{"rendered":"<p>DA &#8220;QUILIVORNO.IT&#8221; E\u2019 stata infatti presentata la trentesima edizione dell\u2019Almanacco dello Sport Livornese, che da tre decenni premia tutti gli atleti che si sono distinti maggiormente nel corso della stagione sportiva Sono la cestista Sara Madera e il lottatore Simone Iannattoni gli atleti dell\u2019anno premiati dall\u2019Almanacco dello sport livornese nella bellissima terrazza dei Bagni Pancaldi [&hellip;]<\/p>\n","protected":false},"author":1,"featured_media":1806,"comment_status":"open","ping_status":"open","sticky":false,"template":"","format":"standard","meta":{"_eb_attr":"","footnotes":"","jetpack_publicize_message":"","jetpack_publicize_feature_enabled":true,"jetpack_social_post_already_shared":true,"jetpack_social_options":{"image_generator_settings":{"template":"highway","default_image_id":0,"font":"","enabled":false},"version":2}},"categories":[1],"tags":[],"class_list":["post-1805","post","type-post","status-publish","format-standard","has-post-thumbnail","hentry","category-uncategorized"],"jetpack_publicize_connections":[],"_links":{"self":[{"href":"https:\/\/www.lalmanaccodellosportlivorno.it\/LEGGIONLINE\/wp-json\/wp\/v2\/posts\/1805","targetHints":{"allow":["GET"]}}],"collection":[{"href":"https:\/\/www.lalmanaccodellosportlivorno.it\/LEGGIONLINE\/wp-json\/wp\/v2\/posts"}],"about":[{"href":"https:\/\/www.lalmanaccodellosportlivorno.it\/LEGGIONLINE\/wp-json\/wp\/v2\/types\/post"}],"author":[{"embeddable":true,"href":"https:\/\/www.lalmanaccodellosportlivorno.it\/LEGGIONLINE\/wp-json\/wp\/v2\/users\/1"}],"replies":[{"embeddable":true,"href":"https:\/\/www.lalmanaccodellosportlivorno.it\/LEGGIONLINE\/wp-json\/wp\/v2\/comments?post=1805"}],"version-history":[{"count":1,"href":"https:\/\/www.lalmanaccodellosportlivorno.it\/LEGGIONLINE\/wp-json\/wp\/v2\/posts\/1805\/revisions"}],"predecessor-version":[{"id":1807,"href":"https:\/\/www.lalmanaccodellosportlivorno.it\/LEGGIONLINE\/wp-json\/wp\/v2\/posts\/1805\/revisions\/1807"}],"wp:featuredmedia":[{"embeddable":true,"href":"https:\/\/www.lalmanaccodellosportlivorno.it\/LEGGIONLINE\/wp-json\/wp\/v2\/media\/1806"}],"wp:attachment":[{"href":"https:\/\/www.lalmanaccodellosportlivorno.it\/LEGGIONLINE\/wp-json\/wp\/v2\/media?parent=1805"}],"wp:term":[{"taxonomy":"category","embeddable":true,"href":"https:\/\/www.lalmanaccodellosportlivorno.it\/LEGGIONLINE\/wp-json\/wp\/v2\/categories?post=1805"},{"taxonomy":"post_tag","embeddable":true,"href":"https:\/\/www.lalmanaccodellosportlivorno.it\/LEGGIONLINE\/wp-json\/wp\/v2\/tags?post=1805"}],"curies":[{"name":"wp","href":"https:\/\/api.w.org\/{rel}","templated":true}]}}