{"id":1361,"date":"2019-11-08T14:58:22","date_gmt":"2019-11-08T14:58:22","guid":{"rendered":"http:\/\/www.lalmanaccodellosportlivorno.it\/LEGGIONLINE\/?p=1361"},"modified":"2019-11-08T15:04:24","modified_gmt":"2019-11-08T15:04:24","slug":"allegri-e-de-raffaele-due-eccellenze-labroniche-tricolori","status":"publish","type":"post","link":"https:\/\/www.lalmanaccodellosportlivorno.it\/LEGGIONLINE\/allegri-e-de-raffaele-due-eccellenze-labroniche-tricolori\/","title":{"rendered":"Allegri e De Raffaele, due eccellenze labroniche tricolori- Pag. 4 sett 2019"},"content":{"rendered":"\n<h4 class=\"wp-block-heading\">Il neo Sindaco Salvetti ha ricevuto\ne premiato in Comune gli allenatori\nvincitori dello scudetto nei massimi\ncampionati di calcio e basket\n<\/h4>\n\n\n\n<p class=\"wp-block-paragraph\">Prima \u00e8 toccato a Walter De Raffa-\nele, poi \u00e8 stata la volta di Massi-\nmiliano Allegri. Le due massime cari-\nche in fatto di panchine nei due tornei\nnazionali principali e pi\u00f9 seguite, en-\ntrambi reduci da un trionfo a tinte tri-\ncolori rispettivamente alla guida della\nReyer Venezia e della Juventus.<br>\nGiusta e doverosa la scelta del nuovo\nPrimo Cittadino Luca Salvetti di orga-\nnizzare, nel corso dell\u2019estate, un mo-\nmento d\u2019incontro con stampa e sporti-\nvi cittadini per tributare loro il dove-\nroso ringraziamento da parte degli ap-\npassionati della citt\u00e0 dei Quattro Mori.\nAd entrambe le cerimonie di premia-\nzione, ospitate presso la Sala delle Ce-\nrimonie del Comune di Livorno, \u00e8 stato\npresente anche il Delegato Provinciale\ndel Coni Gianni Giannone.\n<\/p>\n\n\n\n<p class=\"wp-block-paragraph\"><em>\u201cIl sindaco a Walter De Raffaele, Al- lenatore con la A maiuscola, livornese doc, con la passione per i canestri. Mo- tivatore di uomini e profondo conoscito-e delle regole non scritte del basket. Li- vorno rende omaggio al coach labronico per le sue eccezionali doti tecniche\u201d. C<\/em>os\u00ec recitava la pergamena consegna- ta al coach che ha conquistato il secon- do titolo nazionale in tre stagioni. <em>\u201cIn tanti sanno quanto io ci tenessi ad esse- re qui. \u00c8 la prima volta infatti che vengo invitato qui in Comune nonostante i due scudetti vinti <\/em>\u2013 ha raccontato De Raffa- ele &#8211; <em>\u00c8 una cosa a cui, da livornese, tene- vo molto perch\u00e9 il senso di appartenen- za \u00e8 profondo. Alla fine puoi stare ovunque ma Livorno \u00e8 casa tua. E non \u00e8 un caso che oggi, in questa sala, ci sia tutta la famiglia. Voglio ringraziare, non tan- to perch\u00e9 mi interessino i riconoscimen  ti, o la fama ma perch\u00e9 credo che den- tro di me ci sia sempre forte il desiderio e l\u2019orgoglio di portare avanti il nome di Li- vorno. E vi garantisco che in giro questa cosa \u00e8 molto riconosciuta perch\u00e9 tutti mi dicono: ma quanti livornesi siete? Io spe- ro che queste vittorie possano essere una spinta per questa citt\u00e0.  L\u2019unico rammarico \u00e8 che spesso sia mo profeti non in patria. Il mio deside- rio personale, fra X anni magari, sareb- be quello magari di poter rendere a Li- vorno quello che ho avuto da Livorno a livello sportivo. Questo riconoscimento mi rende particolarmente orgoglio- so perch\u00e9 quando vado in giro Livorno \u00e8 sempre prima di tutto\u201d. <\/em> Allegri, cinque scudetti vinti con i bianconeri che diventano sei si consi- dera anche quello conquistato quando sedeva sulla panchina del Milan, \u00e8 en- trato ormai nell\u2019olimpo contempora- neo dei top trainer continentali. <\/p>\n\n\n\n<p class=\"wp-block-paragraph\">\u2018Acciuga\u2019 ha ricevuto dalle mani del Sindaco, nonch\u00e8 amico di vecchia data, un gagliardetto del Livorno calcio ed un libro sulla storia della squa- dra amaranto. <em>\u201cPer me \u00e8 un onore e ringrazio Luca per questo riconoscimento <\/em>\u2013 ha dichiarato il mister, originario del quartie- re Coteto -. <em>Questo per me \u00e8 un momento importante, perch\u00e9 sono livornese e perch\u00e9 sono molto legato alla mia citt\u00e0. Dopo diciotto anni da giocatore e sedici da allenatore \u2013 ha proseguito \u2013 mi sono preso un po\u2019 di tempo per me, anche per stare nella mia Livorno. <\/em><\/p>\n\n\n\n<p class=\"wp-block-paragraph\"><em>Per lavoro vivo fuori, ma appena posso torno qua: non resisto al richiamo del mare, che per me \u00e8 sinonimo di libert\u00e0. Qui poi abbiamo una grande tradizione sportiva e dobbiamo continuare a por- tarla avanti: ho visto che ci sono molti impianti nei quali poter lavorare bene\u201d. <\/em><\/p>\n\n\n\n<h3 class=\"wp-block-heading\"><em>\u201cQuesto per me \u00e8 un momento importante. Dopo diciotto anni da\ngiocatore e sedici da allenatore mi sono preso un po\u2019 di tempo\nanche per stare nella mia Livorno\u201d \u00e8 stato il pensiero di Allegri\n<\/em><\/h3>\n\n\n\n<figure class=\"wp-block-image\"><img data-recalc-dims=\"1\" fetchpriority=\"high\" decoding=\"async\" width=\"300\" height=\"255\" src=\"https:\/\/i0.wp.com\/www.lalmanaccodellosportlivorno.it\/LEGGIONLINE\/wp-content\/uploads\/2019\/11\/Schermata-2019-11-08-alle-15.57.29-300x255.png?resize=300%2C255\" alt=\"\" class=\"wp-image-1363\" srcset=\"https:\/\/i0.wp.com\/www.lalmanaccodellosportlivorno.it\/LEGGIONLINE\/wp-content\/uploads\/2019\/11\/Schermata-2019-11-08-alle-15.57.29.png?resize=300%2C255&amp;ssl=1 300w, https:\/\/i0.wp.com\/www.lalmanaccodellosportlivorno.it\/LEGGIONLINE\/wp-content\/uploads\/2019\/11\/Schermata-2019-11-08-alle-15.57.29.png?w=374&amp;ssl=1 374w\" sizes=\"(max-width: 300px) 100vw, 300px\" \/><\/figure>\n\n\n\n<p class=\"wp-block-paragraph\"> <\/p>\n","protected":false},"excerpt":{"rendered":"<p>Il neo Sindaco Salvetti ha ricevuto e premiato in Comune gli allenatori vincitori dello scudetto nei massimi campionati di calcio e basket Prima \u00e8 toccato a Walter De Raffa- ele, poi \u00e8 stata la volta di Massi- miliano Allegri. Le due massime cari- che in fatto di panchine nei due tornei nazionali principali e pi\u00f9 [&hellip;]<\/p>\n","protected":false},"author":1,"featured_media":1362,"comment_status":"open","ping_status":"open","sticky":false,"template":"","format":"standard","meta":{"_eb_attr":"","footnotes":"","jetpack_publicize_message":"","jetpack_publicize_feature_enabled":true,"jetpack_social_post_already_shared":true,"jetpack_social_options":{"image_generator_settings":{"template":"highway","default_image_id":0,"font":"","enabled":false},"version":2}},"categories":[28,3],"tags":[],"class_list":["post-1361","post","type-post","status-publish","format-standard","has-post-thumbnail","hentry","category-2019-settembre-ottobre","category-almanacco-news"],"jetpack_publicize_connections":[],"_links":{"self":[{"href":"https:\/\/www.lalmanaccodellosportlivorno.it\/LEGGIONLINE\/wp-json\/wp\/v2\/posts\/1361","targetHints":{"allow":["GET"]}}],"collection":[{"href":"https:\/\/www.lalmanaccodellosportlivorno.it\/LEGGIONLINE\/wp-json\/wp\/v2\/posts"}],"about":[{"href":"https:\/\/www.lalmanaccodellosportlivorno.it\/LEGGIONLINE\/wp-json\/wp\/v2\/types\/post"}],"author":[{"embeddable":true,"href":"https:\/\/www.lalmanaccodellosportlivorno.it\/LEGGIONLINE\/wp-json\/wp\/v2\/users\/1"}],"replies":[{"embeddable":true,"href":"https:\/\/www.lalmanaccodellosportlivorno.it\/LEGGIONLINE\/wp-json\/wp\/v2\/comments?post=1361"}],"version-history":[{"count":3,"href":"https:\/\/www.lalmanaccodellosportlivorno.it\/LEGGIONLINE\/wp-json\/wp\/v2\/posts\/1361\/revisions"}],"predecessor-version":[{"id":1372,"href":"https:\/\/www.lalmanaccodellosportlivorno.it\/LEGGIONLINE\/wp-json\/wp\/v2\/posts\/1361\/revisions\/1372"}],"wp:featuredmedia":[{"embeddable":true,"href":"https:\/\/www.lalmanaccodellosportlivorno.it\/LEGGIONLINE\/wp-json\/wp\/v2\/media\/1362"}],"wp:attachment":[{"href":"https:\/\/www.lalmanaccodellosportlivorno.it\/LEGGIONLINE\/wp-json\/wp\/v2\/media?parent=1361"}],"wp:term":[{"taxonomy":"category","embeddable":true,"href":"https:\/\/www.lalmanaccodellosportlivorno.it\/LEGGIONLINE\/wp-json\/wp\/v2\/categories?post=1361"},{"taxonomy":"post_tag","embeddable":true,"href":"https:\/\/www.lalmanaccodellosportlivorno.it\/LEGGIONLINE\/wp-json\/wp\/v2\/tags?post=1361"}],"curies":[{"name":"wp","href":"https:\/\/api.w.org\/{rel}","templated":true}]}}