{"id":1355,"date":"2019-11-08T14:48:09","date_gmt":"2019-11-08T14:48:09","guid":{"rendered":"http:\/\/www.lalmanaccodellosportlivorno.it\/LEGGIONLINE\/?p=1355"},"modified":"2019-11-08T14:48:09","modified_gmt":"2019-11-08T14:48:09","slug":"elisa-una-bellezza-forte-che-salta-ogni-difficolta-miss-almanacco-2019","status":"publish","type":"post","link":"https:\/\/www.lalmanaccodellosportlivorno.it\/LEGGIONLINE\/elisa-una-bellezza-forte-che-salta-ogni-difficolta-miss-almanacco-2019\/","title":{"rendered":"Elisa, una bellezza forte che salta ogni difficolt\u00e0. Miss Almanacco 2019"},"content":{"rendered":"\n<h4 class=\"wp-block-heading\">La 16enne \u00e8 la nuova Miss Almanacco 2019:amante da sempre dell\u2019atletica leggera, \u00e8 specializzata nei 100 metri ostacoli<\/h4>\n\n\n\n<p class=\"wp-block-paragraph\">Sempre nel contesto della finalissima di Miss Livorno, Elisa Giuffrida si \u00e8 infilata al collo l\u2019ambita fascia di Miss Almanacco dello Sport 2019. Una ragazza acqua e sapone, molto carina e ancora adolescente ma anche altrettanto determinata e con le idee chiare sul futuro che le si staglia prossimo all\u2019orizzonte. \u201cQuella di partecipare a Miss Livorno \u00e8 stata un\u2019esperienza bellissima, che rifarei subito. E che consiglio vivamente a qualsiasi mia coetanea: ho conosciuto tantebele persone e mi sono fatte nuove amicizie, lungo un\u2019intera estate da ricordare\u201d racconta la studentessa, che frequentala terza classe del Liceo Scientifico Enridi ques con potenziamento internazionale. \u201cSono appassionata di lingue e mi preme soprattutto imparare bene l\u2019inglese perch\u00e9 ho un sogno nel cassetto: appena diplomata, volare negli Stati Uniti e frequentare un\u2019Universit\u00e0 dove potermi laureare in Ingegneria Edile \u2013 racconta Elisa, che a luglio scorso aveva gi\u00e0 trionfato in una tappa intermedia, la terza del concorso, vestendo la fascia di Miss Shopping in occasione dell\u2019evento organizzato al Centro Commerciale Le Fonti del Corallo \u2013 Negli States, precisamente a Boston, lavora gi\u00e0 mia sorella Elena, anche lei ingegnere ma specializzata in campo informatico. Io invece ho sempre coltivato\u00a0 la passione della costruzione, sin dai tempi dei giochi con la Lego, tanto che ancora oggi colleziono qualche set\u201d. Tra i sogni nel cassetto, c\u2019\u00e8 poi quello di continuare a sfilare ed essere la modella per qualche servizio fotografico. \u201cA Miss Livorno ho partecipato solo quest\u2019anno ma in realt\u00e0 in passato ho gi\u00e0 preso parte a qualche sfilata, ad esempio quella per la corona di Miss Bagni Fiume. \u00c8 proprio all\u2019interno dello stabilimento balneare che Matilde Domenichini, la quale si ricordava di me, mi ha proposto vista la vittoria della fascia, devo dire che sono davvero contenta\u201d conferma raggiante Elisa. Una tipo abituato a competere, in primis in ambito sportivo: mai fascia fu quindi pi\u00f9 calzante. \u201cMia mamma Dunia fa l\u2019allenatrice del settore velocit\u00e0 presso la Libertas Runners Livorno: \u00e8 seguendola sin da piccolina al campo scuola che ho sviluppato, senza alcuna forzatura da parte sua, la passione per l\u2019atletica \u2013 rivela la specialista della corsa a ostacoli, terza quest\u2019anno ai Regionali indoor sui 60 metri e che nel tempo libero si diletta anche in qualche partita a pallavolo e calcetto con gli amici \u2013 Perch\u00e9 non corro in linea? Boh, forse mi sembrava troppo scontato. Una scelta che torna comunque utile per farsi le ossa anche come metafora della vita:le difficolt\u00e0 da superare sono  sempre di fronte a noi\u2026<strong> Idee chiare per il futuro di Elisa: studiare ingegneria edile negli Stati Uniti e magari continuare a sfilare<\/strong><\/p>\n\n\n\n<ul class=\"wp-block-gallery columns-2 is-cropped wp-block-gallery-1 is-layout-flex wp-block-gallery-is-layout-flex\"><li class=\"blocks-gallery-item\"><figure><img data-recalc-dims=\"1\" fetchpriority=\"high\" decoding=\"async\" width=\"387\" height=\"280\" src=\"https:\/\/i0.wp.com\/www.lalmanaccodellosportlivorno.it\/LEGGIONLINE\/wp-content\/uploads\/2019\/11\/Schermata-2019-11-08-alle-15.46.25.png?resize=387%2C280\" alt=\"\" data-id=\"1357\" data-link=\"http:\/\/www.lalmanaccodellosportlivorno.it\/LEGGIONLINE\/?attachment_id=1357\" class=\"wp-image-1357\" srcset=\"https:\/\/i0.wp.com\/www.lalmanaccodellosportlivorno.it\/LEGGIONLINE\/wp-content\/uploads\/2019\/11\/Schermata-2019-11-08-alle-15.46.25.png?w=387&amp;ssl=1 387w, https:\/\/i0.wp.com\/www.lalmanaccodellosportlivorno.it\/LEGGIONLINE\/wp-content\/uploads\/2019\/11\/Schermata-2019-11-08-alle-15.46.25.png?resize=300%2C217&amp;ssl=1 300w\" sizes=\"(max-width: 387px) 100vw, 387px\" \/><\/figure><\/li><li class=\"blocks-gallery-item\"><figure><img data-recalc-dims=\"1\" decoding=\"async\" width=\"392\" height=\"285\" src=\"https:\/\/i0.wp.com\/www.lalmanaccodellosportlivorno.it\/LEGGIONLINE\/wp-content\/uploads\/2019\/11\/Schermata-2019-11-08-alle-15.46.32.png?resize=392%2C285\" alt=\"\" data-id=\"1358\" data-link=\"http:\/\/www.lalmanaccodellosportlivorno.it\/LEGGIONLINE\/?attachment_id=1358\" class=\"wp-image-1358\" srcset=\"https:\/\/i0.wp.com\/www.lalmanaccodellosportlivorno.it\/LEGGIONLINE\/wp-content\/uploads\/2019\/11\/Schermata-2019-11-08-alle-15.46.32.png?w=392&amp;ssl=1 392w, https:\/\/i0.wp.com\/www.lalmanaccodellosportlivorno.it\/LEGGIONLINE\/wp-content\/uploads\/2019\/11\/Schermata-2019-11-08-alle-15.46.32.png?resize=300%2C218&amp;ssl=1 300w\" sizes=\"(max-width: 392px) 100vw, 392px\" \/><\/figure><\/li><\/ul>\n","protected":false},"excerpt":{"rendered":"<p>La 16enne \u00e8 la nuova Miss Almanacco 2019:amante da sempre dell\u2019atletica leggera, \u00e8 specializzata nei 100 metri ostacoli Sempre nel contesto della finalissima di Miss Livorno, Elisa Giuffrida si \u00e8 infilata al collo l\u2019ambita fascia di Miss Almanacco dello Sport 2019. Una ragazza acqua e sapone, molto carina e ancora adolescente ma anche altrettanto determinata [&hellip;]<\/p>\n","protected":false},"author":1,"featured_media":1356,"comment_status":"open","ping_status":"open","sticky":false,"template":"","format":"standard","meta":{"_eb_attr":"","footnotes":"","jetpack_publicize_message":"","jetpack_publicize_feature_enabled":true,"jetpack_social_post_already_shared":true,"jetpack_social_options":{"image_generator_settings":{"template":"highway","default_image_id":0,"font":"","enabled":false},"version":2}},"categories":[27,4],"tags":[],"class_list":["post-1355","post","type-post","status-publish","format-standard","has-post-thumbnail","hentry","category-2019-miss-livorno","category-miss-livorno"],"jetpack_publicize_connections":[],"_links":{"self":[{"href":"https:\/\/www.lalmanaccodellosportlivorno.it\/LEGGIONLINE\/wp-json\/wp\/v2\/posts\/1355","targetHints":{"allow":["GET"]}}],"collection":[{"href":"https:\/\/www.lalmanaccodellosportlivorno.it\/LEGGIONLINE\/wp-json\/wp\/v2\/posts"}],"about":[{"href":"https:\/\/www.lalmanaccodellosportlivorno.it\/LEGGIONLINE\/wp-json\/wp\/v2\/types\/post"}],"author":[{"embeddable":true,"href":"https:\/\/www.lalmanaccodellosportlivorno.it\/LEGGIONLINE\/wp-json\/wp\/v2\/users\/1"}],"replies":[{"embeddable":true,"href":"https:\/\/www.lalmanaccodellosportlivorno.it\/LEGGIONLINE\/wp-json\/wp\/v2\/comments?post=1355"}],"version-history":[{"count":1,"href":"https:\/\/www.lalmanaccodellosportlivorno.it\/LEGGIONLINE\/wp-json\/wp\/v2\/posts\/1355\/revisions"}],"predecessor-version":[{"id":1359,"href":"https:\/\/www.lalmanaccodellosportlivorno.it\/LEGGIONLINE\/wp-json\/wp\/v2\/posts\/1355\/revisions\/1359"}],"wp:featuredmedia":[{"embeddable":true,"href":"https:\/\/www.lalmanaccodellosportlivorno.it\/LEGGIONLINE\/wp-json\/wp\/v2\/media\/1356"}],"wp:attachment":[{"href":"https:\/\/www.lalmanaccodellosportlivorno.it\/LEGGIONLINE\/wp-json\/wp\/v2\/media?parent=1355"}],"wp:term":[{"taxonomy":"category","embeddable":true,"href":"https:\/\/www.lalmanaccodellosportlivorno.it\/LEGGIONLINE\/wp-json\/wp\/v2\/categories?post=1355"},{"taxonomy":"post_tag","embeddable":true,"href":"https:\/\/www.lalmanaccodellosportlivorno.it\/LEGGIONLINE\/wp-json\/wp\/v2\/tags?post=1355"}],"curies":[{"name":"wp","href":"https:\/\/api.w.org\/{rel}","templated":true}]}}