{"id":1349,"date":"2019-11-08T14:40:37","date_gmt":"2019-11-08T14:40:37","guid":{"rendered":"http:\/\/www.lalmanaccodellosportlivorno.it\/LEGGIONLINE\/?p=1349"},"modified":"2019-11-08T14:40:37","modified_gmt":"2019-11-08T14:40:37","slug":"francesca-chisari-e-la-piu-bella-della-citta","status":"publish","type":"post","link":"https:\/\/www.lalmanaccodellosportlivorno.it\/LEGGIONLINE\/francesca-chisari-e-la-piu-bella-della-citta\/","title":{"rendered":"Francesca Chisari \u00e8 la pi\u00f9 bella della citt\u00e0"},"content":{"rendered":"\n<p class=\"wp-block-paragraph\">La 17enne \u00e8 stata incoronata da duestelle dello sport livornese al femminile:  Sara Madera ed Elena Pietrini.<\/p>\n\n\n\n<p class=\"wp-block-paragraph\"><\/p>\n\n\n\n<p class=\"wp-block-paragraph\">Una grande festa che ha incoronato la diciasettenne Francesca Chisari, studentessa in scienze applicate al Liceo Cecioni, come nuova Miss Livorno. La reginetta della bellezza cittadina edizione 2019 \u00e8 stata promossa tra le altre 25 finaliste, approdate all\u2019atto conclusivo della kermesse che come da tradizione di \u00e8 consumato nello splendido scenario offerto dalla Terrazza Mascagni davanti a una platea record composta da ben 3mila persone. Spettatore speciale, \u00e8 stato il Primo Cittadino Luca Salvetti. \u00abMiss Livorno \u2013 ha spiegato il sindaco \u2013 rappresenta una festaper la citt\u00e0: era doveroso essere qua. In questo concorso \u00e8 presente la genuinit\u00e0 delle ragazze livornesi\u00bb.<\/p>\n\n\n\n<h3 class=\"wp-block-heading\"><strong>Madera e Pietrini sono state le testimonial d\u2019eccezione, in una serata declinata molto al femminile Sara Madera ed Elena Pietrini, splendide madrine sportive. L\u2019incoronazione<\/strong><\/h3>\n\n\n\n<p class=\"wp-block-paragraph\">Una serata in riva al mare, tra spettacolo, bellezza, glamour ma anche con un occhio decisamente rivolto allo sport, visto che in giuria sono intervenute due campionesse dello sport \u2018in rosa\u2019 labronico: Sara Madera, neo campionessa europea di basket a livello under 20, nominata peraltro miglior giocatrice della kermesse continentale ed Elena Pietrini, talento emergente del volley che vanta gi\u00e0 un titolo mondiale e un argento europeo tra le under 18 ed ha contribuito a far qualificare la nazionale maggiore ai prossimi Giochi Olimpici di Tokyo 2020. Presenti tra i giurati anche Riccardo e Gabriele Niccolini del New Popeye Club, padre e figlio, rappresentanti di una dinastia vincente tra passato e presente nel settore della lotta libera. La 28esima Miss Livorno, nata a Pistoia ma che vanta una bellezza tipicamente mediterranea e che nei tratti e nei colori rivela le origini siciliane, era gi\u00e0 arrivata terza al contest Miss Reginettad\u2019Italia, arrivando terza. La Chisari ha preceduto Elisa Giuffrida e Giulia Di Liberto, rispettivamente seconda e terza. Per loro, sfilate in passerella, prima in abito da sera, poi in costume da bagno, e successivamente in abito da sposa. In mezzo, parentesi d\u2019intrattenimento musicale con le esibizioni di Ginevra Perullo e di Eleonora Biancani, di danza,con l\u2019esibizione della scuola di danza Dance Master e ancora di sport, con l\u2019esibizione dello Zen Club con il maestro Maurizio Silvestri per quanto concerne le arti marziali.<\/p>\n\n\n\n<div class=\"wp-block-image\"><figure class=\"alignright\"><img data-recalc-dims=\"1\" fetchpriority=\"high\" decoding=\"async\" width=\"641\" height=\"457\" src=\"https:\/\/i0.wp.com\/www.lalmanaccodellosportlivorno.it\/LEGGIONLINE\/wp-content\/uploads\/2019\/11\/Schermata-2019-11-08-alle-15.38.07-1.png?resize=641%2C457\" alt=\"\" class=\"wp-image-1352\" srcset=\"https:\/\/i0.wp.com\/www.lalmanaccodellosportlivorno.it\/LEGGIONLINE\/wp-content\/uploads\/2019\/11\/Schermata-2019-11-08-alle-15.38.07-1.png?w=641&amp;ssl=1 641w, https:\/\/i0.wp.com\/www.lalmanaccodellosportlivorno.it\/LEGGIONLINE\/wp-content\/uploads\/2019\/11\/Schermata-2019-11-08-alle-15.38.07-1.png?resize=300%2C214&amp;ssl=1 300w\" sizes=\"(max-width: 641px) 100vw, 641px\" \/><\/figure><\/div>\n\n\n\n<div class=\"wp-block-image\"><figure class=\"aligncenter\"><img data-recalc-dims=\"1\" decoding=\"async\" width=\"482\" height=\"391\" src=\"https:\/\/i0.wp.com\/www.lalmanaccodellosportlivorno.it\/LEGGIONLINE\/wp-content\/uploads\/2019\/11\/Schermata-2019-11-08-alle-15.39.30.png?resize=482%2C391\" alt=\"\" class=\"wp-image-1353\" srcset=\"https:\/\/i0.wp.com\/www.lalmanaccodellosportlivorno.it\/LEGGIONLINE\/wp-content\/uploads\/2019\/11\/Schermata-2019-11-08-alle-15.39.30.png?w=482&amp;ssl=1 482w, https:\/\/i0.wp.com\/www.lalmanaccodellosportlivorno.it\/LEGGIONLINE\/wp-content\/uploads\/2019\/11\/Schermata-2019-11-08-alle-15.39.30.png?resize=300%2C243&amp;ssl=1 300w\" sizes=\"(max-width: 482px) 100vw, 482px\" \/><\/figure><\/div>\n","protected":false},"excerpt":{"rendered":"<p>La 17enne \u00e8 stata incoronata da duestelle dello sport livornese al femminile: Sara Madera ed Elena Pietrini. Una grande festa che ha incoronato la diciasettenne Francesca Chisari, studentessa in scienze applicate al Liceo Cecioni, come nuova Miss Livorno. La reginetta della bellezza cittadina edizione 2019 \u00e8 stata promossa tra le altre 25 finaliste, approdate all\u2019atto [&hellip;]<\/p>\n","protected":false},"author":1,"featured_media":1351,"comment_status":"open","ping_status":"open","sticky":false,"template":"","format":"standard","meta":{"_eb_attr":"","footnotes":"","jetpack_publicize_message":"","jetpack_publicize_feature_enabled":true,"jetpack_social_post_already_shared":true,"jetpack_social_options":{"image_generator_settings":{"template":"highway","default_image_id":0,"font":"","enabled":false},"version":2}},"categories":[27,4],"tags":[],"class_list":["post-1349","post","type-post","status-publish","format-standard","has-post-thumbnail","hentry","category-2019-miss-livorno","category-miss-livorno"],"jetpack_publicize_connections":[],"_links":{"self":[{"href":"https:\/\/www.lalmanaccodellosportlivorno.it\/LEGGIONLINE\/wp-json\/wp\/v2\/posts\/1349","targetHints":{"allow":["GET"]}}],"collection":[{"href":"https:\/\/www.lalmanaccodellosportlivorno.it\/LEGGIONLINE\/wp-json\/wp\/v2\/posts"}],"about":[{"href":"https:\/\/www.lalmanaccodellosportlivorno.it\/LEGGIONLINE\/wp-json\/wp\/v2\/types\/post"}],"author":[{"embeddable":true,"href":"https:\/\/www.lalmanaccodellosportlivorno.it\/LEGGIONLINE\/wp-json\/wp\/v2\/users\/1"}],"replies":[{"embeddable":true,"href":"https:\/\/www.lalmanaccodellosportlivorno.it\/LEGGIONLINE\/wp-json\/wp\/v2\/comments?post=1349"}],"version-history":[{"count":1,"href":"https:\/\/www.lalmanaccodellosportlivorno.it\/LEGGIONLINE\/wp-json\/wp\/v2\/posts\/1349\/revisions"}],"predecessor-version":[{"id":1354,"href":"https:\/\/www.lalmanaccodellosportlivorno.it\/LEGGIONLINE\/wp-json\/wp\/v2\/posts\/1349\/revisions\/1354"}],"wp:featuredmedia":[{"embeddable":true,"href":"https:\/\/www.lalmanaccodellosportlivorno.it\/LEGGIONLINE\/wp-json\/wp\/v2\/media\/1351"}],"wp:attachment":[{"href":"https:\/\/www.lalmanaccodellosportlivorno.it\/LEGGIONLINE\/wp-json\/wp\/v2\/media?parent=1349"}],"wp:term":[{"taxonomy":"category","embeddable":true,"href":"https:\/\/www.lalmanaccodellosportlivorno.it\/LEGGIONLINE\/wp-json\/wp\/v2\/categories?post=1349"},{"taxonomy":"post_tag","embeddable":true,"href":"https:\/\/www.lalmanaccodellosportlivorno.it\/LEGGIONLINE\/wp-json\/wp\/v2\/tags?post=1349"}],"curies":[{"name":"wp","href":"https:\/\/api.w.org\/{rel}","templated":true}]}}